{"id":259436,"date":"2026-01-27T14:43:59","date_gmt":"2026-01-27T13:43:59","guid":{"rendered":"https:\/\/novahr.hu\/?p=259436"},"modified":"2026-01-27T14:51:16","modified_gmt":"2026-01-27T13:51:16","slug":"nemet-magyar-ipari-es-kereskedelmi-kamara-evnyito-est","status":"publish","type":"post","link":"https:\/\/novahr.hu\/en\/nemet-magyar-ipari-es-kereskedelmi-kamara-evnyito-est\/","title":{"rendered":"N\u00e9met-Magyar Ipari \u00e9s Kereskedelmi Kamara \u00e9vnyit\u00f3 est"},"content":{"rendered":"<p>M\u00falt h\u00e9ten r\u00e9szt vett\u00fcnk az <a class=\"XnBHJFZzemDOvlfYbfojFwNOxWzULgdyEw \" tabindex=\"0\" href=\"https:\/\/www.linkedin.com\/company\/ahk-ungarn\/\" target=\"_self\" rel=\"noopener\" data-test-app-aware-link=\"\">AHK Ungarn &#8211; DUIHK &#8211; N\u00e9met-Magyar Ipari \u00e9s Kereskedelmi Kamara<\/a> \u00e9vnyit\u00f3 estj\u00e9n. A rendezv\u00e9ny f\u00f3kusz\u00e1ban a magyarorsz\u00e1gi, n\u00e9metorsz\u00e1gi \u00e9s a glob\u00e1lis gazdas\u00e1gi keretfelt\u00e9telek \u00e9s trendek \u00e1lltak, valamint \u00e1tfog\u00f3 k\u00e9pet kaptunk a Kamara 2026-ra tervezett tev\u00e9kenys\u00e9geir\u0151l. K\u00f6sz\u00f6nj\u00fck az \u00e9rt\u00e9kes el\u0151ad\u00e1sokat, Barbara Zollmann, Dr. Keszte R\u00f3bert, Prof. Dr. Veronika Grimm \u00e9s <a id=\"ember5365\" class=\"ember-view\" tabindex=\"0\" href=\"https:\/\/www.linkedin.com\/in\/mad%C3%A1r-istv%C3%A1n-9bb39533\/\" target=\"_blank\" rel=\"noopener\">Mad\u00e1r Istv\u00e1n<\/a>! A csapatk\u00e9pen Jamniczky Andrea \u00fcgyvezet\u0151, Bartha Istv\u00e1n executive search vezet\u0151, valamint Mink \u00c1gnes \u00e9s J\u00f6rg Seitz.<\/p>\n","protected":false},"excerpt":{"rendered":"<p>M\u00falt h\u00e9ten r\u00e9szt vett\u00fcnk az AHK Ungarn &#8211; DUIHK &#8211; N\u00e9met-Magyar Ipari \u00e9s Kereskedelmi Kamara \u00e9vnyit\u00f3 estj\u00e9n. A rendezv\u00e9ny f\u00f3kusz\u00e1ban a magyarorsz\u00e1gi, n\u00e9metorsz\u00e1gi \u00e9s a glob\u00e1lis gazdas\u00e1gi keretfelt\u00e9telek \u00e9s trendek \u00e1lltak, valamint \u00e1tfog\u00f3 k\u00e9pet kaptunk a Kamara 2026-ra tervezett tev\u00e9kenys\u00e9geir\u0151l. K\u00f6sz\u00f6nj\u00fck az \u00e9rt\u00e9kes el\u0151ad\u00e1sokat, Barbara Zollmann, Dr. Keszte R\u00f3bert, Prof. Dr. Veronika Grimm \u00e9s Mad\u00e1r [&hellip;]<\/p>\n","protected":false},"author":9,"featured_media":259437,"comment_status":"closed","ping_status":"closed","sticky":false,"template":"","format":"standard","meta":{"footnotes":""},"categories":[143,1],"tags":[],"class_list":["post-259436","post","type-post","status-publish","format-standard","has-post-thumbnail","hentry","category-szervezet","category-uncategorized-hu"],"_links":{"self":[{"href":"https:\/\/novahr.hu\/en\/wp-json\/wp\/v2\/posts\/259436"}],"collection":[{"href":"https:\/\/novahr.hu\/en\/wp-json\/wp\/v2\/posts"}],"about":[{"href":"https:\/\/novahr.hu\/en\/wp-json\/wp\/v2\/types\/post"}],"author":[{"embeddable":true,"href":"https:\/\/novahr.hu\/en\/wp-json\/wp\/v2\/users\/9"}],"replies":[{"embeddable":true,"href":"https:\/\/novahr.hu\/en\/wp-json\/wp\/v2\/comments?post=259436"}],"version-history":[{"count":3,"href":"https:\/\/novahr.hu\/en\/wp-json\/wp\/v2\/posts\/259436\/revisions"}],"predecessor-version":[{"id":259447,"href":"https:\/\/novahr.hu\/en\/wp-json\/wp\/v2\/posts\/259436\/revisions\/259447"}],"wp:featuredmedia":[{"embeddable":true,"href":"https:\/\/novahr.hu\/en\/wp-json\/wp\/v2\/media\/259437"}],"wp:attachment":[{"href":"https:\/\/novahr.hu\/en\/wp-json\/wp\/v2\/media?parent=259436"}],"wp:term":[{"taxonomy":"category","embeddable":true,"href":"https:\/\/novahr.hu\/en\/wp-json\/wp\/v2\/categories?post=259436"},{"taxonomy":"post_tag","embeddable":true,"href":"https:\/\/novahr.hu\/en\/wp-json\/wp\/v2\/tags?post=259436"}],"curies":[{"name":"wp","href":"https:\/\/api.w.org\/{rel}","templated":true}]}}